{"id":63628,"date":"2023-07-14T14:33:10","date_gmt":"2023-07-14T17:33:10","guid":{"rendered":"https:\/\/cbl.org.br\/?p=63628"},"modified":"2023-07-14T14:43:26","modified_gmt":"2023-07-14T17:43:26","slug":"sevani-matos-assume-a-presidencia-do-instituto-pro-livro","status":"publish","type":"post","link":"https:\/\/cbltestlnx.azurewebsites.net\/en\/2023\/07\/sevani-matos-assume-a-presidencia-do-instituto-pro-livro\/","title":{"rendered":"Sevani Matos assume a presid\u00eancia do Instituto Pr\u00f3-Livro"},"content":{"rendered":"<p style=\"text-align: center;\"><span style=\"font-size: 12pt; font-family: georgia, palatino, serif;\"><em>Para o pr\u00f3ximo bi\u00eanio o desafio ser\u00e1 a defesa e o apoio \u00e0s a\u00e7\u00f5es de fomento \u00e0 leitura e de acesso ao livro. <\/em><\/span><\/p>\n<p>&nbsp;<\/p>\n<p><span style=\"font-size: 12pt; font-family: georgia, palatino, serif;\">O <strong>Instituto Pr\u00f3-Livro - IPL<\/strong> (<a href=\"http:\/\/www.prolivro.org.br\">www.prolivro.org.br<\/a>) criado em 2006 pelas entidades do livro (ABRELIVROS, CBL e SNEL) com a miss\u00e3o de transformar o Brasil em um pa\u00eds de leitores, tem um nova presidente. Sevani Matos assumiu a presid\u00eancia da institui\u00e7\u00e3o pelo bi\u00eanio 2023 - 2025, com o objetivo de dar continuidade \u00e0s a\u00e7\u00f5es de incentivo \u00e0 leitura promovidas pelo IPL.<\/span><\/p>\n<p><span style=\"font-size: 12pt; font-family: georgia, palatino, serif;\">Sevani, atual presidente da CBL, substitui Dante Jos\u00e9 Alexandre Cid, presidente do SNEL, dando continuidade ao rod\u00edzio de presidentes\u00a0 e diretores das entidades mantenedoras do IPL (ABRELIVROS, CBL E SNEL). Dante presidiu o IPL de maio de 2021 at\u00e9 o momento.<\/span><\/p>\n<p><span style=\"font-size: 12pt; font-family: georgia, palatino, serif;\">Durante o mandato que inicia, Sevani pretende dar continuidade ao trabalho de Dante que, apesar de ter enfrentado dificuldades para realiza\u00e7\u00e3o de a\u00e7\u00f5es presenciais, com a\u00a0 pandemia, se destacou pela ampla divulga\u00e7\u00e3o e promo\u00e7\u00e3o de debates sobre os resultados da 5\u00aa edi\u00e7\u00e3o da pesquisa Retratos da Leitura no Brasil e pelas pesquisas realizadas em eventos do livro, em parceria com o Ita\u00fa Cultural, em especial, a Retratos da Leitura aplicada na Bienal Internacional do livro de SP (2022), que foi um dos primeiros diagn\u00f3sticos sobre o impacto de influenciadores digitais no consumo e leitura de livros pelos jovens.\u00a0<\/span><\/p>\n<p><span style=\"font-size: 12pt; font-family: georgia, palatino, serif;\">Sobre o novo desafio, Sevani revelou seu entusiasmo em assumir a presid\u00eancia com a miss\u00e3o de realizar a <strong>6\u00aa Edi\u00e7\u00e3o da Pesquisa Retratos da Leitura no Brasil,<\/strong> maior e mais completo estudo sobre o comportamento do leitor brasileiro, que tem previs\u00e3o para ser lan\u00e7ada em 2024. \u201c<em>Nesta nova edi\u00e7\u00e3o, pretendemos aprofundar esse estudo, que \u00e9 refer\u00eancia para orientar pol\u00edticas p\u00fablicas e a\u00e7\u00f5es voltadas ao fomento a leitura, desde 2007, de quatro em quatro anos, ampliando o diagn\u00f3stico sobre o acesso e a leitura de literatura em diferentes meios e suporte digital, al\u00e9m do impacto dos influenciadores digitais e das redes sociais no consumo e na leitura de livros\u201d, <span class=\"ui-provider fz b c d e f g h i j k l m n o p q r s t u v w x y z ab ac ae af ag ah ai aj ak\" dir=\"ltr\"><i>diz Sevani Matos.\u00a0<\/i><\/span><\/em><\/span><\/p>\n<p><span style=\"font-size: 12pt; font-family: georgia, palatino, serif;\"><strong><u>Nova diretoria IPL \u2013 bi\u00eanio 2023 - 2025<\/u><\/strong><\/span><\/p>\n<ul>\n<li><span style=\"font-size: 12pt; font-family: georgia, palatino, serif;\">Presidente - Sevani Mattos - (Presidente da CBL)<\/span><\/li>\n<li><span style=\"font-size: 12pt; font-family: georgia, palatino, serif;\">Vice-Presidente Administrativo - Jos\u00e9 \u00c2ngelo Xavier de Oliveira - (ABRELIVROS)<\/span><\/li>\n<li><span style=\"font-size: 12pt; font-family: georgia, palatino, serif;\">Vice-Presidente T\u00e9cnico - Dante Jos\u00e9 Alexandre Cid (SNEL)<\/span><\/li>\n<li><span style=\"font-size: 12pt; font-family: georgia, palatino, serif;\">Primeiro Secret\u00e1rio - Jorge Yunes (ABRELIVROS)<\/span><\/li>\n<li><span style=\"font-size: 12pt; font-family: georgia, palatino, serif;\">Segunda Secret\u00e1ria - Karine Gon\u00e7alves Pansa - (CBL)<\/span><\/li>\n<li><span style=\"font-size: 12pt; font-family: georgia, palatino, serif;\">Primeiro Tesoureiro - Paulo Vicente Ruiz de Las Heras Moregola - (CBL)<\/span><\/li>\n<li><span style=\"font-size: 12pt; font-family: georgia, palatino, serif;\">Segundo Tesoureiro - Marcos da Veiga Pereira (SNEL)<\/span><\/li>\n<\/ul>\n<p><span style=\"font-size: 12pt; font-family: georgia, palatino, serif;\"><strong>CONSELHO FISCAL<\/strong><\/span><\/p>\n<p><span style=\"font-size: 12pt; font-family: georgia, palatino, serif;\"><strong>Titulares<\/strong><\/span><\/p>\n<ul>\n<li><span style=\"font-size: 12pt; font-family: georgia, palatino, serif;\">Diego Drummond (CBL)<\/span><\/li>\n<li><span style=\"font-size: 12pt; font-family: georgia, palatino, serif;\">Renato Soares Fleischner (SNEL)<\/span><\/li>\n<li><span style=\"font-size: 12pt; font-family: georgia, palatino, serif;\">Maria L\u00facia Kerr Cavalcante de Queiroz (ABRELIVROS)<\/span><\/li>\n<\/ul>\n<p><span style=\"font-size: 12pt; font-family: georgia, palatino, serif;\"><strong>Suplentes<\/strong><\/span><\/p>\n<ul>\n<li><span style=\"font-size: 12pt; font-family: georgia, palatino, serif;\">Maria Cristina Rodrigues Swiatovski (ABRELIVROS)<\/span><\/li>\n<li><span style=\"font-size: 12pt; font-family: georgia, palatino, serif;\">Mauro Ribeiro Palermo (SNEL)<\/span><\/li>\n<li><span style=\"font-size: 12pt; font-family: georgia, palatino, serif;\">Alfredo Weiszflog (CBL)<\/span><\/li>\n<\/ul>\n<p><span style=\"font-size: 12pt; font-family: georgia, palatino, serif;\"><strong><u>Sobre o Instituto Pr\u00f3-Livro:<\/u> <\/strong>O IPL (<a href=\"http:\/\/www.prolivro.org.br\">www.prolivro.org.br<\/a>) \u00e9 uma Organiza\u00e7\u00e3o da Sociedade Civil de Interesse P\u00fablico (OSCIP), sem fins lucrativos, criada e mantida pelas entidades do livro \u2013 <strong>Abrelivros<\/strong>,<strong> CBL<\/strong> e<strong> SNEL <\/strong>\u2013 com a miss\u00e3o de transformar o Brasil em um pa\u00eds de leitores. Sendo assim, tem como objetivo promover pesquisas e a\u00e7\u00f5es de fomento \u00e0 leitura. Realiza, periodicamente, a pesquisa <em>Retratos da leitura no Brasil<\/em>, maior e mais completo estudo sobre o comportamento do leitor brasileiro, a fim de avaliar impactos e orientar a\u00e7\u00f5es e pol\u00edticas p\u00fablicas em rela\u00e7\u00e3o ao livro e \u00e0 leitura, visando, assim, melhorar os indicadores de leitura e o acesso ao livro. Tamb\u00e9m \u00e9 respons\u00e1vel pelo <em>Pr\u00eamio IPL<\/em> \u2013 Retratos da Leitura, que busca homenagear organiza\u00e7\u00f5es que desenvolvem pr\u00e1ticas de incentivo \u00e0 leitura e, desse modo, promov\u00ea-las e difundi-las, de maneira que ganhem amplitude e investimentos, orientem pol\u00edticas p\u00fablicas e inspirem outras iniciativas pelo Brasil. O IPL tamb\u00e9m conta com outra a\u00e7\u00e3o importante, a <em>Plataforma Pr\u00f3-Livro<\/em> \u2013 uma plataforma digital colaborativa que re\u00fane informa\u00e7\u00f5es sobre as pr\u00e1ticas de leitura ao redor do pa\u00eds e incentiva a conex\u00e3o entre essas experi\u00eancias. Os projetos premiados e cadastrados est\u00e3o mapeados e podem ser conhecidos na <em>Plataforma Pr\u00f3-Livro<\/em> (<a href=\"http:\/\/www.plataformaprolivro.org.br\">www.plataformaprolivro.org.br<\/a>).<\/span><\/p>","protected":false},"excerpt":{"rendered":"<p>Para o pr\u00f3ximo bi\u00eanio o desafio ser\u00e1 a defesa e o apoio \u00e0s a\u00e7\u00f5es de fomento \u00e0 leitura e de acesso ao livro. &nbsp; O Instituto Pr\u00f3-Livro - IPL (www.prolivro.org.br) criado em 2006 pelas entidades do livro (ABRELIVROS, CBL e SNEL) com a miss\u00e3o de transformar o Brasil em um pa\u00eds de leitores, tem um [&hellip;]<\/p>\n","protected":false},"author":9,"featured_media":63630,"comment_status":"closed","ping_status":"closed","sticky":false,"template":"","format":"standard","meta":{"_acf_changed":false,"footnotes":""},"categories":[1],"tags":[],"class_list":["post-63628","post","type-post","status-publish","format-standard","has-post-thumbnail","hentry","category-nao-categorizado"],"acf":[],"_links":{"self":[{"href":"https:\/\/cbltestlnx.azurewebsites.net\/en\/wp-json\/wp\/v2\/posts\/63628","targetHints":{"allow":["GET"]}}],"collection":[{"href":"https:\/\/cbltestlnx.azurewebsites.net\/en\/wp-json\/wp\/v2\/posts"}],"about":[{"href":"https:\/\/cbltestlnx.azurewebsites.net\/en\/wp-json\/wp\/v2\/types\/post"}],"author":[{"embeddable":true,"href":"https:\/\/cbltestlnx.azurewebsites.net\/en\/wp-json\/wp\/v2\/users\/9"}],"replies":[{"embeddable":true,"href":"https:\/\/cbltestlnx.azurewebsites.net\/en\/wp-json\/wp\/v2\/comments?post=63628"}],"version-history":[{"count":2,"href":"https:\/\/cbltestlnx.azurewebsites.net\/en\/wp-json\/wp\/v2\/posts\/63628\/revisions"}],"predecessor-version":[{"id":63631,"href":"https:\/\/cbltestlnx.azurewebsites.net\/en\/wp-json\/wp\/v2\/posts\/63628\/revisions\/63631"}],"wp:featuredmedia":[{"embeddable":true,"href":"https:\/\/cbltestlnx.azurewebsites.net\/en\/wp-json\/wp\/v2\/media\/63630"}],"wp:attachment":[{"href":"https:\/\/cbltestlnx.azurewebsites.net\/en\/wp-json\/wp\/v2\/media?parent=63628"}],"wp:term":[{"taxonomy":"category","embeddable":true,"href":"https:\/\/cbltestlnx.azurewebsites.net\/en\/wp-json\/wp\/v2\/categories?post=63628"},{"taxonomy":"post_tag","embeddable":true,"href":"https:\/\/cbltestlnx.azurewebsites.net\/en\/wp-json\/wp\/v2\/tags?post=63628"}],"curies":[{"name":"wp","href":"https:\/\/api.w.org\/{rel}","templated":true}]}}