{"id":50623,"date":"2016-07-25T00:00:00","date_gmt":"2016-07-25T03:00:00","guid":{"rendered":"https:\/\/cbl.org.br\/2016\/07\/25\/pernambuco-continente-imaginario-para-a-24a-bienal-internacional-do-livro-de-sao-paulo\/"},"modified":"2022-05-26T15:45:18","modified_gmt":"2022-05-26T18:45:18","slug":"pernambuco-continente-imaginario-para-a-24a-bienal-internacional-do-livro-de-sao-paulo","status":"publish","type":"post","link":"https:\/\/cbltestlnx.azurewebsites.net\/en\/2016\/07\/pernambuco-continente-imaginario-para-a-24a-bienal-internacional-do-livro-de-sao-paulo\/","title":{"rendered":"Pernambuco Continente Imagin\u00e1rio para a 24\u00aa Bienal Internacional do Livro de S\u00e3o Paulo"},"content":{"rendered":"<p>Pernambuco Continente Imagin\u00e1rio,\u00a0 congrega um espa\u00e7o que proporcionar\u00e1 a realiza\u00e7\u00e3o de diferentes atividades com artistas pernambucanos, mostrando a efervesc\u00eancia da produ\u00e7\u00e3o da regi\u00e3o em todas as suas vertentes (regional e contempor\u00e2nea). E com este pensamento manter\u00e1 uma ampla e s\u00f3lida programa\u00e7\u00e3o pautada nos expoentes do estado em todos os dez dias da Bienal Internacional do Livro de S\u00e3o Paulo. Iniciativa de promo\u00e7\u00e3o institucional da XI Bienal Internacional do Livro de Pernambuco, que alcan\u00e7a sua d\u00e9cima primeira edi\u00e7\u00e3o em 2017, ter\u00e1 na agenda convidados como Marcelino Freire, Paulo Caldas, Biaggio Pecoreli, Hilton Lacerda, Carla Denise, L\u00edrio Ferreira, Samarone Lima e Cl\u00e1udio Assis.<\/p>\n<p>\u201cOs nomes convidados marcam presen\u00e7a em palestras, bate-papos, lan\u00e7amentos, workshops, apresenta\u00e7\u00f5es variadas (entre os quais est\u00e3o cordelistas e repentistas), lan\u00e7amentos, debates, sketches art\u00edsticos, declama\u00e7\u00f5es, sarau de poesia, conta\u00e7\u00e3o de hist\u00f3rias e intera\u00e7\u00f5es com o universo l\u00fadico infantil, assim como rodada de neg\u00f3cios e outras atra\u00e7\u00f5es que despertem a aten\u00e7\u00e3o do p\u00fablico infanto-juvenil, adolescente, adulto e infantil\u201d, refor\u00e7a Rog\u00e9rio Robalinho, empreendedor cultural e diretor geral da Cia. de Eventos.<\/p>","protected":false},"excerpt":{"rendered":"<p>Pernambuco Continente Imagin\u00e1rio,\u00a0 congrega um espa\u00e7o que proporcionar\u00e1 a realiza\u00e7\u00e3o de diferentes atividades com artistas pernambucanos, mostrando a efervesc\u00eancia da produ\u00e7\u00e3o da regi\u00e3o em todas as suas vertentes (regional e contempor\u00e2nea). E com este pensamento manter\u00e1 uma ampla e s\u00f3lida programa\u00e7\u00e3o pautada nos expoentes do estado em todos os dez dias da Bienal Internacional do Livro de S\u00e3o Paulo. Iniciativa de promo\u00e7\u00e3o institucional da XI Bienal Internacional do Livro de Pernambuco, que alcan\u00e7a sua d\u00e9cima primeira edi\u00e7\u00e3o em 2017, ter\u00e1 na agenda convidados como Marcelino Freire, Paulo Caldas, Biaggio Pecoreli, Hilton Lacerda, Carla Denise, L\u00edrio Ferreira, Samarone Lima e Cl\u00e1udio Assis.<\/p>\n<p>\u201cOs nomes convidados marcam presen\u00e7a em palestras, bate-papos, lan\u00e7amentos, workshops, apresenta\u00e7\u00f5es variadas (entre os quais est\u00e3o cordelistas e repentistas), lan\u00e7amentos, debates, sketches art\u00edsticos, declama\u00e7\u00f5es, sarau de poesia, conta\u00e7\u00e3o de hist\u00f3rias e intera\u00e7\u00f5es com o universo l\u00fadico infantil, assim como rodada de neg\u00f3cios e outras atra\u00e7\u00f5es que despertem a aten\u00e7\u00e3o do p\u00fablico infanto-juvenil, adolescente, adulto e infantil\u201d, refor\u00e7a Rog\u00e9rio Robalinho, empreendedor cultural e diretor geral da Cia. de Eventos.<\/p>","protected":false},"author":1,"featured_media":51798,"comment_status":"open","ping_status":"open","sticky":false,"template":"","format":"standard","meta":{"_acf_changed":false,"footnotes":""},"categories":[3],"tags":[],"class_list":["post-50623","post","type-post","status-publish","format-standard","has-post-thumbnail","hentry","category-noticias"],"acf":[],"_links":{"self":[{"href":"https:\/\/cbltestlnx.azurewebsites.net\/en\/wp-json\/wp\/v2\/posts\/50623","targetHints":{"allow":["GET"]}}],"collection":[{"href":"https:\/\/cbltestlnx.azurewebsites.net\/en\/wp-json\/wp\/v2\/posts"}],"about":[{"href":"https:\/\/cbltestlnx.azurewebsites.net\/en\/wp-json\/wp\/v2\/types\/post"}],"author":[{"embeddable":true,"href":"https:\/\/cbltestlnx.azurewebsites.net\/en\/wp-json\/wp\/v2\/users\/1"}],"replies":[{"embeddable":true,"href":"https:\/\/cbltestlnx.azurewebsites.net\/en\/wp-json\/wp\/v2\/comments?post=50623"}],"version-history":[{"count":1,"href":"https:\/\/cbltestlnx.azurewebsites.net\/en\/wp-json\/wp\/v2\/posts\/50623\/revisions"}],"predecessor-version":[{"id":51170,"href":"https:\/\/cbltestlnx.azurewebsites.net\/en\/wp-json\/wp\/v2\/posts\/50623\/revisions\/51170"}],"wp:featuredmedia":[{"embeddable":true,"href":"https:\/\/cbltestlnx.azurewebsites.net\/en\/wp-json\/wp\/v2\/media\/51798"}],"wp:attachment":[{"href":"https:\/\/cbltestlnx.azurewebsites.net\/en\/wp-json\/wp\/v2\/media?parent=50623"}],"wp:term":[{"taxonomy":"category","embeddable":true,"href":"https:\/\/cbltestlnx.azurewebsites.net\/en\/wp-json\/wp\/v2\/categories?post=50623"},{"taxonomy":"post_tag","embeddable":true,"href":"https:\/\/cbltestlnx.azurewebsites.net\/en\/wp-json\/wp\/v2\/tags?post=50623"}],"curies":[{"name":"wp","href":"https:\/\/api.w.org\/{rel}","templated":true}]}}